{"id":882,"date":"2026-09-02T01:05:55","date_gmt":"2026-09-02T01:05:55","guid":{"rendered":"https:\/\/ingcarlosrios.com\/calendario-colombia-2026\/"},"modified":"2026-09-02T01:07:58","modified_gmt":"2026-09-02T01:07:58","slug":"calendario-colombia-2026","status":"publish","type":"post","link":"http:\/\/www.ingcarlosrios.com\/es\/calendario-colombia-2026\/","title":{"rendered":"Calendario Colombia 2026: feriados y fechas clave"},"content":{"rendered":"<p>El calendario Colombia 2026 es una herramienta clave para la gesti\u00f3n operacional de cualquier PYME: marca cierres bancarios, picos de demanda, puentes y d\u00edas en los que la actividad econ\u00f3mica disminuye. Conocer con detalle qu\u00e9 feriados son fijos, cu\u00e1les se trasladan y qu\u00e9 obligaciones fiscales no se ven afectadas por los d\u00edas no laborables permite reducir riesgos financieros, optimizar la atenci\u00f3n a clientes y planear lanzamientos comerciales con mayor precisi\u00f3n. Esta gu\u00eda pr\u00e1ctica, dirigida a gestores, contadores y responsables de operaciones, condensa lo esencial que necesitas para convertir el calendario en una ventaja competitiva.<\/p>\n<h2>Feriados nacionales: qu\u00e9 son fijos y cu\u00e1les se mueven<\/h2>\n<p>En Colombia existen feriados de car\u00e1cter inamovible y otros que, por disposici\u00f3n legal, se trasladan al lunes m\u00e1s cercano para crear fines de semana largos o &quot;puentes&quot;. Para 2026 conviene distinguir ambos tipos, porque su impacto operativo y log\u00edstico difiere:<\/p>\n<ul>\n<li>Feriados fijos: fechas que no se trasladan. Ejemplos habituales son el 1 de enero (A\u00f1o Nuevo), el 1 de mayo (D\u00eda del Trabajo), el 20 de julio (D\u00eda de la Independencia), el 7 de agosto (Batalla de Boyac\u00e1) y el 25 de diciembre (Navidad). Estos d\u00edas se programan con antelaci\u00f3n y son f\u00e1ciles de incorporar a planes de pago y env\u00edos.<\/li>\n<li>Feriados trasladables: generalmente conmemoraciones religiosas o civiles (Semana Santa, Ascensi\u00f3n, Corpus Christi, Sagrado Coraz\u00f3n, entre otros) que la ley suele mover al lunes siguiente. Generan puentes y requieren planificaci\u00f3n de semanas completas.<\/li>\n<\/ul>\n<p>C\u00f3mo aprovechar la informaci\u00f3n:<\/p>\n<ul>\n<li>Mant\u00e9n una lista actualizada en el calendario corporativo con la categor\u00eda &quot;feriado fijo&quot; o &quot;feriado trasladable&quot; para priorizar acciones.<\/li>\n<li>Revisa el calendario fiscal del gobierno a inicios de a\u00f1o; muchas decisiones operativas dependen de la confirmaci\u00f3n oficial.<\/li>\n<\/ul>\n<p>Recomendaci\u00f3n inmediata: publica las fechas confirmadas por el gobierno en la intranet y en el calendario compartido con al menos dos meses de antelaci\u00f3n. Esto evita cambios de \u00faltima hora y errores en facturaci\u00f3n y atenci\u00f3n al cliente.<\/p>\n<h2>Fechas fiscales y plazos que no puedes perderte<\/h2>\n<p>Los feriados afectan la operativa, pero las obligaciones fiscales siguen vigentes y, en muchos casos, no se suspenden por d\u00eda no laborable. Como PYME debes priorizar:<\/p>\n<ul>\n<li>Vencimientos tributarios: impuestos como IVA, retenciones y declaraci\u00f3n de renta tienen fechas espec\u00edficas que conviene anotar y programar alertas.<\/li>\n<li>Pago de seguridad social: aportes a salud, pensi\u00f3n y ARL suelen estar sujetos a plazos que no se mueven autom\u00e1ticamente por festivos.<\/li>\n<li>Periodos de declaraci\u00f3n y reporte: reportes especiales o pagos fraccionados tambi\u00e9n entran en esta categor\u00eda.<\/li>\n<\/ul>\n<p>Buenas pr\u00e1cticas fiscales:<\/p>\n<ul>\n<li>Configura alertas autom\u00e1ticas en tu sistema contable para 15, 7 y 2 d\u00edas antes de cada vencimiento.<\/li>\n<li>Si la fecha cae en un feriado, consulta con tu asesor o con la entidad receptora si existe tolerancia o ventanas de tratamiento especial.<\/li>\n<li>Evita dejar operaciones cr\u00edticas para el \u00faltimo d\u00eda h\u00e1bil antes de un puente: en caso de incidencias tendr\u00e1s poco tiempo para corregir.<\/li>\n<\/ul>\n<p>Consejo pr\u00e1ctico: realiza un calendario fiscal anual en formato compartido (Google Calendar, iCal) y vinc\u00falalo con recordatorios por correo y chat interno para los responsables contables.<\/p>\n<h2>C\u00f3mo ajustar la gesti\u00f3n de personal y n\u00f3mina en 2026<\/h2>\n<p>Los feriados incrementan costos (recargos) y afectan la disponibilidad del personal. Para minimizar impactos financieros y operativos:<\/p>\n<ul>\n<li>Pol\u00edtica de pagos: fija la fecha de n\u00f3mina evitando que coincida con fines de semana o puentes; adelantar el pago evita incomodidades para el personal.<\/li>\n<li>Recargos y compensaciones: define por escrito las reglas de recargo por trabajo en feriados, diurnos y nocturnos. Aseg\u00farate de que los contratos y anotaciones de n\u00f3mina reflejen estos acuerdos.<\/li>\n<li>Plan de guardias: para \u00e1reas cr\u00edticas (atenci\u00f3n al cliente, soporte TI, log\u00edstica) crea rotaciones predefinidas y comunica con al menos dos semanas de anticipaci\u00f3n.<\/li>\n<\/ul>\n<p>Pasos operativos:<\/p>\n<p>1. Revisa el calendario laboral y marca d\u00edas de alto impacto.<\/p>\n<p>2. Calcula el costo adicional por recargos y pres\u00e9ntalo al \u00e1rea financiera para presupuestarlo.<\/p>\n<p>3. Crea plantillas de comunicaci\u00f3n para solicitar disponibilidad a empleados y formalizar acuerdos de trabajo en feriados.<\/p>\n<p>Documentar estas decisiones reduce ausentismo inesperado y posibles conflictos legales.<\/p>\n<h2>Planificaci\u00f3n comercial y marketing alrededor de las fechas clave<\/h2>\n<p>Los feriados transforman patrones de consumo: algunos generan picos (Navidad, Semana Santa, puentes tur\u00edsticos), otros reducen la actividad (d\u00edas de recogimiento o con menor circulaci\u00f3n). Para sacar partido:<\/p>\n<ul>\n<li>Calendario de campa\u00f1as: programa promociones en funci\u00f3n del comportamiento hist\u00f3rico del cliente. Evita enviar campa\u00f1as masivas en d\u00edas con baja apertura o durante puentes largos.<\/li>\n<li>Log\u00edstica y entregas: establece fechas l\u00edmite de compra y env\u00edos con m\u00e1rgenes (por ejemplo, 5 d\u00edas h\u00e1biles antes de un puente largo) para reducir devoluciones y reclamos.<\/li>\n<li>Atenci\u00f3n al cliente: comunica horarios especiales y tiempos de respuesta estimados con antelaci\u00f3n. Mejora la percepci\u00f3n del cliente y reduce solicitudes duplicadas.<\/li>\n<\/ul>\n<p>Ideas t\u00e1cticas:<\/p>\n<ul>\n<li>Crea micro-promociones previas a puentes tur\u00edsticos para clientes locales.<\/li>\n<li>Ofrece opciones de env\u00edo expr\u00e9s con fecha l\u00edmite clara y mensajes que gestionen expectativas.<\/li>\n<\/ul>\n<p>Integrar estas acciones en tu plan anual de marketing optimiza recursos y mejora conversiones.<\/p>\n<h2>Checklist pr\u00e1ctico: preparar tu PYME para 2026<\/h2>\n<p>Convierte el calendario en tareas concretas. Revisa este checklist trimestralmente:<\/p>\n<ul>\n<li>Marca en el calendario corporativo todos los feriados nacionales y locales confirmados.<\/li>\n<li>Integra las fechas fiscales en el calendario contable y asigna responsables para cada vencimiento.<\/li>\n<li>Programa pagos de n\u00f3mina y adel\u00e1ntalos si es necesario para evitar errores en d\u00edas no laborables.<\/li>\n<li>Revisa contratos con proveedores y define entregas alternativas en puentes largos.<\/li>\n<li>Establece guardias y comunica acuerdos por escrito a empleados.<\/li>\n<li>Planifica inventarios y evita programar env\u00edos cr\u00edticos el d\u00eda anterior a un puente.<\/li>\n<li>Crea y prueba automatizaciones de recordatorios (tres d\u00edas y un d\u00eda antes) para eventos cr\u00edticos.<\/li>\n<\/ul>\n<p>Implementar este checklist reduce el estr\u00e9s operativo y previene sanciones por incumplimiento.<\/p>\n<h2>Buenas pr\u00e1cticas tecnol\u00f3gicas y de comunicaci\u00f3n para el calendario 2026<\/h2>\n<p>La tecnolog\u00eda no debe ser compleja para ser \u00fatil. Peque\u00f1as automatizaciones y normas claras bastan para transformar el calendario en una herramienta eficaz:<\/p>\n<ul>\n<li>Calendario maestro compartido: usa Google Calendar u otra herramienta con permisos controlados y capas (fiscal, operativo, comercial).<\/li>\n<li>Recordatorios autom\u00e1ticos: configura alertas por correo y por chat para 72 y 24 horas antes de cada fecha cr\u00edtica.<\/li>\n<li>Plantillas de comunicaci\u00f3n: mensajes estandarizados para informar horarios, guardias y cambios de entrega.<\/li>\n<li>Backup de contactos: mantiene una lista actualizada de proveedores, mensajer\u00eda y soporte, con n\u00fameros alternativos.<\/li>\n<\/ul>\n<p>Si prefieres externalizar la configuraci\u00f3n o necesitas un plan personalizado, en Ing Carlos Rios [https:\/\/ingcarlosrios.com] ofrecemos asesor\u00eda para montar calendarios operativos, configurar automatizaciones y dejar procesos documentados. Reserva una consulta a trav\u00e9s de https:\/\/ingcarlosrios.com\/contact y recibe un diagn\u00f3stico inicial para 2026.<\/p>\n<h2>\u00daltimos pasos antes de cada puente o feriado largo<\/h2>\n<p>Antes de un puente largo realiza estos chequeos r\u00e1pidos para evitar interrupciones:<\/p>\n<ul>\n<li>Verifica stock cr\u00edtico y confirma entregas pendientes con proveedores.<\/li>\n<li>Revisa pagos programados y aj\u00fastalos si hay vencimientos fiscales cercanos.<\/li>\n<li>Informa a clientes B2B y B2C sobre horarios de atenci\u00f3n y tiempos estimados de respuesta.<\/li>\n<li>Activa guardias y confirma la disponibilidad de personal clave.<\/li>\n<li>Ejecuta un test de comunicaci\u00f3n: env\u00eda un aviso interno y uno externo para comprobar que las plantillas funcionan.<\/li>\n<\/ul>\n<p>Tomar estos pasos en la semana previa a un puente reduce consultas de \u00faltima hora y mejora la experiencia del cliente.<\/p>\n<h2>FAQ<\/h2>\n<h3>\u00bfQu\u00e9 feriados son fijos en Colombia y por qu\u00e9 importa para mi PYME?<\/h3>\n<p>Los feriados fijos (por ejemplo, A\u00f1o Nuevo, D\u00eda del Trabajo, Independencia y Navidad) se conocen con antelaci\u00f3n y permiten planear pagos, n\u00f3mina e inventarios. Identificarlos ayuda a programar cortes contables y env\u00edos para evitar que coincidan con d\u00edas sin actividad.<\/p>\n<h3>\u00bfC\u00f3mo afectan los feriados trasladables a la entrega de productos?<\/h3>\n<p>Los feriados trasladables que la ley mueve al lunes producen fines de semana largos y pueden retrasar cadenas log\u00edsticas. Para mitigarlo, acuerda con proveedores ventanas alternativas y comunica plazos de entrega ampliados a los clientes antes del puente.<\/p>\n<h3>\u00bfDebo pagar recargo por trabajar en feriados?<\/h3>\n<p>S\u00ed, la legislaci\u00f3n laboral colombiana establece recargos por trabajo en d\u00edas festivos. Antes de programar turnos en feriados, revisa las obligaciones contractuales y comunica esquemas de compensaci\u00f3n para evitar controversias.<\/p>\n<h3>\u00bfC\u00f3mo organizo la n\u00f3mina si un pago cae en un feriado?<\/h3>\n<p>Lo m\u00e1s seguro es adelantar el pago antes del feriado o confirmar con tu entidad financiera si la operaci\u00f3n se procesa en feriados. Documenta la fecha de pago y notifica al equipo para evitar confusiones.<\/p>\n<h3>\u00bfD\u00f3nde puedo pedir ayuda para automatizar el calendario operativo de mi empresa?<\/h3>\n<p>Si buscas apoyo para implementar recordatorios, calendarios compartidos o peque\u00f1as automatizaciones que garanticen continuidad operativa, puedes solicitar asesor\u00eda a trav\u00e9s de https:\/\/ingcarlosrios.com\/contact<\/p>\n","protected":false},"excerpt":{"rendered":"<p>Gu\u00eda pr\u00e1ctica del calendario Colombia 2026: feriados, fechas fiscales, gesti\u00f3n de n\u00f3mina y checklist operativo para que tu PYME funcione sin sorpresas.<\/p>","protected":false},"author":0,"featured_media":886,"comment_status":"open","ping_status":"open","sticky":false,"template":"","format":"standard","meta":{"footnotes":""},"categories":[46],"tags":[],"class_list":["post-882","post","type-post","status-publish","format-standard","has-post-thumbnail","hentry","category-amazon"],"yoast_head":"<!-- This site is optimized with the Yoast SEO Premium plugin v20.13 (Yoast SEO v28.0) - https:\/\/yoast.com\/product\/yoast-seo-premium-wordpress\/ -->\n<title>Calendario Colombia 2026: feriados y fechas clave<\/title>\n<meta name=\"description\" content=\"Calendario Colombia 2026: feriados nacionales, fechas fiscales, gesti\u00f3n de n\u00f3mina y checklist pr\u00e1ctico para PYMES. Asesor\u00eda disponible con Ing Carlos Rios.\" \/>\n<meta name=\"robots\" content=\"index, follow, max-snippet:-1, max-image-preview:large, max-video-preview:-1\" \/>\n<link rel=\"canonical\" href=\"https:\/\/ingcarlosrios.com\/calendario-colombia-2026\/\" \/>\n<meta property=\"og:locale\" content=\"es_ES\" \/>\n<meta property=\"og:type\" content=\"article\" \/>\n<meta property=\"og:title\" content=\"Calendario Colombia 2026: feriados y fechas clave\" \/>\n<meta property=\"og:description\" content=\"Calendario Colombia 2026: feriados nacionales, fechas fiscales, gesti\u00f3n de n\u00f3mina y checklist pr\u00e1ctico para PYMES. Asesor\u00eda disponible con Ing Carlos Rios.\" \/>\n<meta property=\"og:url\" content=\"https:\/\/ingcarlosrios.com\/calendario-colombia-2026\/\" \/>\n<meta property=\"og:site_name\" content=\"Ing Carlos Rios\" \/>\n<meta property=\"article:published_time\" content=\"2026-09-02T01:05:55+00:00\" \/>\n<meta property=\"article:modified_time\" content=\"2026-09-02T01:07:58+00:00\" \/>\n<meta property=\"og:image\" content=\"https:\/\/ingcarlosrios.com\/wp-content\/uploads\/2026\/09\/cmtjdqdw80001pe5o0p6hhdvm-1788311088801-88b3e07429-2-1024x683.png\" \/>\n\t<meta property=\"og:image:width\" content=\"1024\" \/>\n\t<meta property=\"og:image:height\" content=\"683\" \/>\n\t<meta property=\"og:image:type\" content=\"image\/png\" \/>\n<meta name=\"twitter:card\" content=\"summary_large_image\" \/>\n<meta name=\"twitter:label1\" content=\"Tiempo de lectura\" \/>\n\t<meta name=\"twitter:data1\" content=\"8 minutos\" \/>\n<script type=\"application\/ld+json\" class=\"yoast-schema-graph\">{\"@context\":\"https:\\\/\\\/schema.org\",\"@graph\":[{\"@type\":\"Article\",\"@id\":\"https:\\\/\\\/ingcarlosrios.com\\\/calendario-colombia-2026\\\/#article\",\"isPartOf\":{\"@id\":\"https:\\\/\\\/ingcarlosrios.com\\\/calendario-colombia-2026\\\/\"},\"author\":{\"name\":\"\",\"@id\":\"\"},\"headline\":\"Calendario Colombia 2026: feriados y fechas clave\",\"datePublished\":\"2026-09-02T01:05:55+00:00\",\"dateModified\":\"2026-09-02T01:07:58+00:00\",\"mainEntityOfPage\":{\"@id\":\"https:\\\/\\\/ingcarlosrios.com\\\/calendario-colombia-2026\\\/\"},\"wordCount\":1525,\"commentCount\":0,\"publisher\":{\"@id\":\"http:\\\/\\\/ingcarlosrios.com\\\/#\\\/schema\\\/person\\\/fba85327aa8caf48fd3922da00d369b3\"},\"image\":{\"@id\":\"https:\\\/\\\/ingcarlosrios.com\\\/calendario-colombia-2026\\\/#primaryimage\"},\"thumbnailUrl\":\"http:\\\/\\\/www.ingcarlosrios.com\\\/wp-content\\\/uploads\\\/2026\\\/09\\\/cmtjdqdw80001pe5o0p6hhdvm-1788311088801-88b3e07429-2.png\",\"articleSection\":[\"Amazon\"],\"inLanguage\":\"es\",\"potentialAction\":[{\"@type\":\"CommentAction\",\"name\":\"Comment\",\"target\":[\"https:\\\/\\\/ingcarlosrios.com\\\/calendario-colombia-2026\\\/#respond\"]}]},{\"@type\":\"WebPage\",\"@id\":\"https:\\\/\\\/ingcarlosrios.com\\\/calendario-colombia-2026\\\/\",\"url\":\"https:\\\/\\\/ingcarlosrios.com\\\/calendario-colombia-2026\\\/\",\"name\":\"Calendario Colombia 2026: feriados y fechas clave\",\"isPartOf\":{\"@id\":\"http:\\\/\\\/ingcarlosrios.com\\\/#website\"},\"primaryImageOfPage\":{\"@id\":\"https:\\\/\\\/ingcarlosrios.com\\\/calendario-colombia-2026\\\/#primaryimage\"},\"image\":{\"@id\":\"https:\\\/\\\/ingcarlosrios.com\\\/calendario-colombia-2026\\\/#primaryimage\"},\"thumbnailUrl\":\"http:\\\/\\\/www.ingcarlosrios.com\\\/wp-content\\\/uploads\\\/2026\\\/09\\\/cmtjdqdw80001pe5o0p6hhdvm-1788311088801-88b3e07429-2.png\",\"datePublished\":\"2026-09-02T01:05:55+00:00\",\"dateModified\":\"2026-09-02T01:07:58+00:00\",\"description\":\"Calendario Colombia 2026: feriados nacionales, fechas fiscales, gesti\u00f3n de n\u00f3mina y checklist pr\u00e1ctico para PYMES. Asesor\u00eda disponible con Ing Carlos Rios.\",\"breadcrumb\":{\"@id\":\"https:\\\/\\\/ingcarlosrios.com\\\/calendario-colombia-2026\\\/#breadcrumb\"},\"inLanguage\":\"es\",\"potentialAction\":[{\"@type\":\"ReadAction\",\"target\":[\"https:\\\/\\\/ingcarlosrios.com\\\/calendario-colombia-2026\\\/\"]}]},{\"@type\":\"ImageObject\",\"inLanguage\":\"es\",\"@id\":\"https:\\\/\\\/ingcarlosrios.com\\\/calendario-colombia-2026\\\/#primaryimage\",\"url\":\"http:\\\/\\\/www.ingcarlosrios.com\\\/wp-content\\\/uploads\\\/2026\\\/09\\\/cmtjdqdw80001pe5o0p6hhdvm-1788311088801-88b3e07429-2.png\",\"contentUrl\":\"http:\\\/\\\/www.ingcarlosrios.com\\\/wp-content\\\/uploads\\\/2026\\\/09\\\/cmtjdqdw80001pe5o0p6hhdvm-1788311088801-88b3e07429-2.png\",\"width\":1536,\"height\":1024},{\"@type\":\"BreadcrumbList\",\"@id\":\"https:\\\/\\\/ingcarlosrios.com\\\/calendario-colombia-2026\\\/#breadcrumb\",\"itemListElement\":[{\"@type\":\"ListItem\",\"position\":1,\"name\":\"Home\",\"item\":\"http:\\\/\\\/ingcarlosrios.com\\\/\"},{\"@type\":\"ListItem\",\"position\":2,\"name\":\"Calendario Colombia 2026: feriados y fechas clave\"}]},{\"@type\":\"WebSite\",\"@id\":\"http:\\\/\\\/ingcarlosrios.com\\\/#website\",\"url\":\"http:\\\/\\\/ingcarlosrios.com\\\/\",\"name\":\"Ing Carlos Rios\",\"description\":\"\",\"publisher\":{\"@id\":\"http:\\\/\\\/ingcarlosrios.com\\\/#\\\/schema\\\/person\\\/fba85327aa8caf48fd3922da00d369b3\"},\"potentialAction\":[{\"@type\":\"SearchAction\",\"target\":{\"@type\":\"EntryPoint\",\"urlTemplate\":\"http:\\\/\\\/ingcarlosrios.com\\\/?s={search_term_string}\"},\"query-input\":{\"@type\":\"PropertyValueSpecification\",\"valueRequired\":true,\"valueName\":\"search_term_string\"}}],\"inLanguage\":\"es\"},{\"@type\":[\"Person\",\"Organization\"],\"@id\":\"http:\\\/\\\/ingcarlosrios.com\\\/#\\\/schema\\\/person\\\/fba85327aa8caf48fd3922da00d369b3\",\"name\":\"carlos rios\",\"image\":{\"@type\":\"ImageObject\",\"inLanguage\":\"es\",\"@id\":\"http:\\\/\\\/100.52.19.188\\\/wp-content\\\/uploads\\\/2023\\\/08\\\/cropped-logo.png\",\"url\":\"http:\\\/\\\/100.52.19.188\\\/wp-content\\\/uploads\\\/2023\\\/08\\\/cropped-logo.png\",\"contentUrl\":\"http:\\\/\\\/100.52.19.188\\\/wp-content\\\/uploads\\\/2023\\\/08\\\/cropped-logo.png\",\"width\":512,\"height\":512,\"caption\":\"carlos rios\"},\"logo\":{\"@id\":\"http:\\\/\\\/100.52.19.188\\\/wp-content\\\/uploads\\\/2023\\\/08\\\/cropped-logo.png\"}}]}<\/script>\n<!-- \/ Yoast SEO Premium plugin. -->","yoast_head_json":{"title":"Calendario Colombia 2026: feriados y fechas clave","description":"Calendario Colombia 2026: feriados nacionales, fechas fiscales, gesti\u00f3n de n\u00f3mina y checklist pr\u00e1ctico para PYMES. Asesor\u00eda disponible con Ing Carlos Rios.","robots":{"index":"index","follow":"follow","max-snippet":"max-snippet:-1","max-image-preview":"max-image-preview:large","max-video-preview":"max-video-preview:-1"},"canonical":"https:\/\/ingcarlosrios.com\/calendario-colombia-2026\/","og_locale":"es_ES","og_type":"article","og_title":"Calendario Colombia 2026: feriados y fechas clave","og_description":"Calendario Colombia 2026: feriados nacionales, fechas fiscales, gesti\u00f3n de n\u00f3mina y checklist pr\u00e1ctico para PYMES. Asesor\u00eda disponible con Ing Carlos Rios.","og_url":"https:\/\/ingcarlosrios.com\/calendario-colombia-2026\/","og_site_name":"Ing Carlos Rios","article_published_time":"2026-09-02T01:05:55+00:00","article_modified_time":"2026-09-02T01:07:58+00:00","og_image":[{"width":1024,"height":683,"url":"https:\/\/ingcarlosrios.com\/wp-content\/uploads\/2026\/09\/cmtjdqdw80001pe5o0p6hhdvm-1788311088801-88b3e07429-2-1024x683.png","type":"image\/png"}],"twitter_card":"summary_large_image","twitter_misc":{"Tiempo de lectura":"8 minutos"},"schema":{"@context":"https:\/\/schema.org","@graph":[{"@type":"Article","@id":"https:\/\/ingcarlosrios.com\/calendario-colombia-2026\/#article","isPartOf":{"@id":"https:\/\/ingcarlosrios.com\/calendario-colombia-2026\/"},"author":{"name":"","@id":""},"headline":"Calendario Colombia 2026: feriados y fechas clave","datePublished":"2026-09-02T01:05:55+00:00","dateModified":"2026-09-02T01:07:58+00:00","mainEntityOfPage":{"@id":"https:\/\/ingcarlosrios.com\/calendario-colombia-2026\/"},"wordCount":1525,"commentCount":0,"publisher":{"@id":"http:\/\/ingcarlosrios.com\/#\/schema\/person\/fba85327aa8caf48fd3922da00d369b3"},"image":{"@id":"https:\/\/ingcarlosrios.com\/calendario-colombia-2026\/#primaryimage"},"thumbnailUrl":"http:\/\/www.ingcarlosrios.com\/wp-content\/uploads\/2026\/09\/cmtjdqdw80001pe5o0p6hhdvm-1788311088801-88b3e07429-2.png","articleSection":["Amazon"],"inLanguage":"es","potentialAction":[{"@type":"CommentAction","name":"Comment","target":["https:\/\/ingcarlosrios.com\/calendario-colombia-2026\/#respond"]}]},{"@type":"WebPage","@id":"https:\/\/ingcarlosrios.com\/calendario-colombia-2026\/","url":"https:\/\/ingcarlosrios.com\/calendario-colombia-2026\/","name":"Calendario Colombia 2026: feriados y fechas clave","isPartOf":{"@id":"http:\/\/ingcarlosrios.com\/#website"},"primaryImageOfPage":{"@id":"https:\/\/ingcarlosrios.com\/calendario-colombia-2026\/#primaryimage"},"image":{"@id":"https:\/\/ingcarlosrios.com\/calendario-colombia-2026\/#primaryimage"},"thumbnailUrl":"http:\/\/www.ingcarlosrios.com\/wp-content\/uploads\/2026\/09\/cmtjdqdw80001pe5o0p6hhdvm-1788311088801-88b3e07429-2.png","datePublished":"2026-09-02T01:05:55+00:00","dateModified":"2026-09-02T01:07:58+00:00","description":"Calendario Colombia 2026: feriados nacionales, fechas fiscales, gesti\u00f3n de n\u00f3mina y checklist pr\u00e1ctico para PYMES. Asesor\u00eda disponible con Ing Carlos Rios.","breadcrumb":{"@id":"https:\/\/ingcarlosrios.com\/calendario-colombia-2026\/#breadcrumb"},"inLanguage":"es","potentialAction":[{"@type":"ReadAction","target":["https:\/\/ingcarlosrios.com\/calendario-colombia-2026\/"]}]},{"@type":"ImageObject","inLanguage":"es","@id":"https:\/\/ingcarlosrios.com\/calendario-colombia-2026\/#primaryimage","url":"http:\/\/www.ingcarlosrios.com\/wp-content\/uploads\/2026\/09\/cmtjdqdw80001pe5o0p6hhdvm-1788311088801-88b3e07429-2.png","contentUrl":"http:\/\/www.ingcarlosrios.com\/wp-content\/uploads\/2026\/09\/cmtjdqdw80001pe5o0p6hhdvm-1788311088801-88b3e07429-2.png","width":1536,"height":1024},{"@type":"BreadcrumbList","@id":"https:\/\/ingcarlosrios.com\/calendario-colombia-2026\/#breadcrumb","itemListElement":[{"@type":"ListItem","position":1,"name":"Home","item":"http:\/\/ingcarlosrios.com\/"},{"@type":"ListItem","position":2,"name":"Calendario Colombia 2026: feriados y fechas clave"}]},{"@type":"WebSite","@id":"http:\/\/ingcarlosrios.com\/#website","url":"http:\/\/ingcarlosrios.com\/","name":"Ing Carlos R\u00edos","description":"","publisher":{"@id":"http:\/\/ingcarlosrios.com\/#\/schema\/person\/fba85327aa8caf48fd3922da00d369b3"},"potentialAction":[{"@type":"SearchAction","target":{"@type":"EntryPoint","urlTemplate":"http:\/\/ingcarlosrios.com\/?s={search_term_string}"},"query-input":{"@type":"PropertyValueSpecification","valueRequired":true,"valueName":"search_term_string"}}],"inLanguage":"es"},{"@type":["Person","Organization"],"@id":"http:\/\/ingcarlosrios.com\/#\/schema\/person\/fba85327aa8caf48fd3922da00d369b3","name":"carlos r\u00edos","image":{"@type":"ImageObject","inLanguage":"es","@id":"http:\/\/100.52.19.188\/wp-content\/uploads\/2023\/08\/cropped-logo.png","url":"http:\/\/100.52.19.188\/wp-content\/uploads\/2023\/08\/cropped-logo.png","contentUrl":"http:\/\/100.52.19.188\/wp-content\/uploads\/2023\/08\/cropped-logo.png","width":512,"height":512,"caption":"carlos rios"},"logo":{"@id":"http:\/\/100.52.19.188\/wp-content\/uploads\/2023\/08\/cropped-logo.png"}}]}},"_links":{"self":[{"href":"http:\/\/www.ingcarlosrios.com\/es\/wp-json\/wp\/v2\/posts\/882","targetHints":{"allow":["GET"]}}],"collection":[{"href":"http:\/\/www.ingcarlosrios.com\/es\/wp-json\/wp\/v2\/posts"}],"about":[{"href":"http:\/\/www.ingcarlosrios.com\/es\/wp-json\/wp\/v2\/types\/post"}],"replies":[{"embeddable":true,"href":"http:\/\/www.ingcarlosrios.com\/es\/wp-json\/wp\/v2\/comments?post=882"}],"version-history":[{"count":1,"href":"http:\/\/www.ingcarlosrios.com\/es\/wp-json\/wp\/v2\/posts\/882\/revisions"}],"predecessor-version":[{"id":885,"href":"http:\/\/www.ingcarlosrios.com\/es\/wp-json\/wp\/v2\/posts\/882\/revisions\/885"}],"wp:featuredmedia":[{"embeddable":true,"href":"http:\/\/www.ingcarlosrios.com\/es\/wp-json\/wp\/v2\/media\/886"}],"wp:attachment":[{"href":"http:\/\/www.ingcarlosrios.com\/es\/wp-json\/wp\/v2\/media?parent=882"}],"wp:term":[{"taxonomy":"category","embeddable":true,"href":"http:\/\/www.ingcarlosrios.com\/es\/wp-json\/wp\/v2\/categories?post=882"},{"taxonomy":"post_tag","embeddable":true,"href":"http:\/\/www.ingcarlosrios.com\/es\/wp-json\/wp\/v2\/tags?post=882"}],"curies":[{"name":"wp","href":"https:\/\/api.w.org\/{rel}","templated":true}]}}