{"id":880,"date":"2026-09-02T01:04:50","date_gmt":"2026-09-02T01:04:50","guid":{"rendered":"https:\/\/ingcarlosrios.com\/politecnico-de-colombia\/"},"modified":"2026-09-02T01:06:00","modified_gmt":"2026-09-02T01:06:00","slug":"calendario-colombia-2026-2","status":"publish","type":"post","link":"http:\/\/www.ingcarlosrios.com\/es\/calendario-colombia-2026-2\/","title":{"rendered":"Calendario Colombia 2026: feriados y fechas clave"},"content":{"rendered":"<p>Saber con claridad las fechas no laborables y los d\u00edas festivos puede marcar la diferencia entre una operaci\u00f3n ordenada y problemas en la facturaci\u00f3n, la atenci\u00f3n al cliente o la log\u00edstica. En este art\u00edculo ver\u00e1s el calendario Colombia 2026, un repaso pr\u00e1ctico de los feriados nacionales y m\u00f3viles, observaciones para empresas y recomendaciones accionables para ajustar turnos, n\u00f3mina y campa\u00f1as comerciales sin sorpresas. Adem\u00e1s encontrar\u00e1s listas de control, plantillas de comunicaci\u00f3n y ejemplos aplicables a PYMES.<\/p>\n<h2>Feriados nacionales de 2026 y c\u00f3mo afectan a tu operaci\u00f3n<\/h2>\n<p>En 2026 Colombia tendr\u00e1 una serie de feriados nacionales fijos y otros que, por norma administrativa, pueden trasladarse a lunes con el fin de generar fines de semana largos. Para una PYME es crucial distinguir entre:<\/p>\n<ul>\n<li>Feriados obligatorios: aquellos en los que, seg\u00fan la normativa laboral, se aplican recargos y condiciones especiales para el trabajo.<\/li>\n<li>D\u00edas de alto impacto comercial: fechas que aumentan o disminuyen la demanda (turismo, retail, servicios profesionales).<\/li>\n<\/ul>\n<p>Efectos principales en la operaci\u00f3n:<\/p>\n<ul>\n<li>Efecto en personal: deber\u00e1s decidir si se pagan recargos por trabajo en d\u00eda festivo, si se compensan con descanso o si se reprograman turnos. Tambi\u00e9n es importante documentar acuerdos con empleados para evitar conflictos.<\/li>\n<li>Efecto en proveedores y log\u00edstica: muchos proveedores, entidades p\u00fablicas y transportistas modifican horarios; la disponibilidad de servicios de mensajer\u00eda y bancos suele reducirse.<\/li>\n<\/ul>\n<p>Consejo pr\u00e1ctico: elabora un mapa de impacto por \u00e1rea (ventas, cobranzas, log\u00edstica, operaciones) para cada feriado importante y asigna responsables.<\/p>\n<h2>Calendario detallado: feriados fijos y m\u00f3viles (2026)<\/h2>\n<p>Aqu\u00ed sintetizamos c\u00f3mo identificar feriados que normalmente afectan a todo el pa\u00eds. Verifica siempre los decretos oficiales; esta gu\u00eda es para planificaci\u00f3n interna y operativa.<\/p>\n<ul>\n<li>Feriados fijos (ejemplos t\u00edpicos): 1 de enero (A\u00f1o Nuevo), 1 de mayo (D\u00eda del Trabajo), 20 de julio (Independencia), 7 de agosto (Batalla de Boyac\u00e1), 25 de diciembre (Navidad). Estas fechas no suelen trasladarse.<\/li>\n<li>Feriados m\u00f3viles: fechas religiosas como el Jueves y Viernes Santo, o celebraciones que la normativa mueve al lunes para consolidar fines de semana largos.<\/li>\n<\/ul>\n<p>C\u00f3mo usar esta informaci\u00f3n:<\/p>\n<ul>\n<li>Marca en tu calendario corporativo las fechas fijas y coloca un marcador provisional en las fechas m\u00f3viles hasta confirmar decretos.<\/li>\n<li>Valora el efecto en cadenas de suministro; por ejemplo, si un feriado crea un fin de semana largo, adelanta o posp\u00f3n recepci\u00f3n de mercanc\u00eda cr\u00edtica.<\/li>\n<\/ul>\n<p>Observaci\u00f3n: cuando un feriado cae a mitad de semana muchas empresas aprovechan para reacomodar jornadas y optimizar costos; cuando cae en lunes tiende a producir picos de consumo en turismo y comercio.<\/p>\n<h2>C\u00f3mo calendarizar n\u00f3mina y cumplimiento laboral en 2026<\/h2>\n<p>La gesti\u00f3n de n\u00f3mina alrededor de feriados requiere previsi\u00f3n. Los errores m\u00e1s comunes son no aplicar recargos por trabajo en d\u00eda festivo, trasladar pagos sin considerar cierres bancarios o no acordar compensaciones con antelaci\u00f3n.<\/p>\n<p>Pasos pr\u00e1cticos para Recursos Humanos y Finanzas:<\/p>\n<p>1. Revisa el calendario definitivo con al menos 60 d\u00edas de antelaci\u00f3n respecto a los feriados m\u00e1s relevantes.<\/p>\n<p>2. Ajusta las fechas de corte de n\u00f3mina si un d\u00eda h\u00e1bil previo o posterior es no laborable para evitar pagos retrasados.<\/p>\n<p>3. Documenta acuerdos por escrito cuando se pacten compensaciones o cambios en turnos; incluye firmas digitales si procede.<\/p>\n<p>4. Implementa alertas autom\u00e1ticas en tu sistema contable para cierres y contabilizaciones ligadas a feriados.<\/p>\n<p>Checklist m\u00ednimo para n\u00f3mina:<\/p>\n<ul>\n<li>Verificar periodos de pago y conciliaci\u00f3n bancaria 10 d\u00edas antes.<\/li>\n<li>Validar hojas de vida y asistencias para calcular recargos.<\/li>\n<li>Notificar a empleados con al menos 7 d\u00edas de anticipaci\u00f3n sobre cambios en turnos o pagos.<\/li>\n<\/ul>\n<p>Con esta disciplina reduces reclamaciones, garantizas cumplimiento y mantienes relaciones laborales estables.<\/p>\n<h2>Ventas, inventario y campa\u00f1as: preparar la demanda estacional<\/h2>\n<p>Los feriados cambian el comportamiento del consumidor y, por tanto, tu gesti\u00f3n de stock y marketing debe anticiparse.<\/p>\n<p>Estrategias pr\u00e1cticas:<\/p>\n<ul>\n<li>Planificaci\u00f3n de promociones: dise\u00f1a campa\u00f1as con 30 a 45 d\u00edas de anticipaci\u00f3n para asegurar producci\u00f3n y log\u00edstica.<\/li>\n<li>Stocks preventivos: identifica productos de alta rotaci\u00f3n y aumenta inventario 7\u201314 d\u00edas antes del feriado; evita inmovilizar demasiado capital en art\u00edculos de baja rotaci\u00f3n.<\/li>\n<li>Comunicaci\u00f3n omnicanal: actualiza horarios y tiempos de entrega en web, redes sociales y canales de atenci\u00f3n al cliente; usa banners y mensajes autom\u00e1ticos en e-mail.<\/li>\n<\/ul>\n<p>Plantilla breve de aviso al cliente (ejemplo):<\/p>\n<p>&gt; Atenci\u00f3n: por motivo del feriado del [fecha], nuestro servicio tendr\u00e1 horarios especiales. Pedidos realizados despu\u00e9s del [fecha-l\u00edmite] se despachar\u00e1n a partir del [fecha de reanudaci\u00f3n]. Gracias por su comprensi\u00f3n.<\/p>\n<p>Tambi\u00e9n conviene usar m\u00e9tricas hist\u00f3ricas: revisa ventas de a\u00f1os anteriores en las mismas fechas para ajustar pedidos.<\/p>\n<h2>Operaciones y atenci\u00f3n al cliente durante feriados: checklist pr\u00e1ctico<\/h2>\n<p>Mantener la calidad de servicio durante un feriado requiere organizaci\u00f3n y mensajes claros. Aqu\u00ed tienes un checklist operativo para aplicar con cada feriado:<\/p>\n<ul>\n<li>Comunicaci\u00f3n: informa a clientes y proveedores los horarios excepcionales con al menos 10 d\u00edas de antelaci\u00f3n y env\u00eda un recordatorio 48 horas antes.<\/li>\n<li>Rotaci\u00f3n de personal: asigna personal m\u00ednimo para servicios cr\u00edticos, define reglas claras de disponibilidad remota y registra aceptaci\u00f3n de turnos.<\/li>\n<li>Facturaci\u00f3n y cobranza: adelanta procesos que venzan durante el feriado y confirma transferencias antes de las fechas no laborables.<\/li>\n<li>Log\u00edstica: confirma con transportistas y almacenes las recogidas y entregas que puedan verse afectadas; negocia ventanas alternativas.<\/li>\n<li>Tecnolog\u00eda: verifica respaldos y planes de contingencia TI por si se requiere acceso remoto o atenci\u00f3n fuera de horarios.<\/li>\n<\/ul>\n<p>Ejemplo de distribuci\u00f3n de responsabilidades:<\/p>\n<ul>\n<li>Responsable de Comunicaci\u00f3n: publicar aviso en web y redes, enviar boletines.<\/li>\n<li>Responsable de Log\u00edstica: coordinar picks y confirmar rutas con transportistas.<\/li>\n<li>Responsable de Operaciones: programar turnos cr\u00edticos y activar plan de contingencia.<\/li>\n<\/ul>\n<h2>Casos pr\u00e1cticos y ejemplos para PYMES colombianas<\/h2>\n<p>Caso 1: tienda online con alto volumen en fines de semana largos.<\/p>\n<ul>\n<li>Riesgo si no planifica: quiebre de stock y costes por env\u00edos urgentes.<\/li>\n<li>Soluci\u00f3n: pedido adicional de productos clave, activaci\u00f3n de un banner con tiempos de entrega y contrataci\u00f3n temporal de personal de soporte.<\/li>\n<\/ul>\n<p>Caso 2: despacho contable con cierre de mes durante un feriado m\u00f3vil.<\/p>\n<ul>\n<li>Riesgo si no planifica: retrasos en reportes y sanciones por presentaci\u00f3n tard\u00eda.<\/li>\n<li>Soluci\u00f3n: adelantar plazos internos y priorizar firmas digitales para clientes cr\u00edticos.<\/li>\n<\/ul>\n<p>Caso 3: taller de servicios que depende de repuestos importados.<\/p>\n<ul>\n<li>Riesgo: retrasos en aduanas por feriados que afectan operadores log\u00edsticos.<\/li>\n<li>Soluci\u00f3n: revisar ETA de contenedores y programar entregas internas antes del feriado; reservar servicio expr\u00e9s si es necesario.<\/li>\n<\/ul>\n<p>Estos ejemplos muestran que la planificaci\u00f3n concreta evita atascos operativos, mejora la experiencia del cliente y protege el flujo de caja.<\/p>\n<h2>FAQ<\/h2>\n<h3>\u00bfCu\u00e1ndo confirmo las fechas oficiales del calendario 2026?<\/h3>\n<p>El Gobierno publica decretos y listados oficiales cada a\u00f1o. Para decisiones internas, trabaja con una versi\u00f3n preliminar y confirma las fechas definitivas a comienzos del a\u00f1o o tras los anuncios del Ministerio del Interior. Mant\u00e9n una nota en tu calendario para actualizar si hay cambios.<\/p>\n<h3>\u00bfC\u00f3mo manejo pagos a empleados que trabajen en feriados?<\/h3>\n<p>Si un colaborador labora en un d\u00eda festivo, la normativa laboral establece condiciones especiales y recargos. Conviene documentar acuerdos por escrito, programar la n\u00f3mina con antelaci\u00f3n y coordinar con Finanzas para evitar pagos fuera de fecha.<\/p>\n<h3>\u00bfQu\u00e9 herramientas simples puedo usar para automatizar recordatorios de feriados?<\/h3>\n<p>Usa calendarios compartidos (Google Calendar, Outlook) con recordatorios y eventos recurrentes; integra adem\u00e1s listas de tareas y alertas en tu gestor de proyectos. Si usas un ERP o software de n\u00f3mina, agrega eventos que disparen notificaciones a responsables.<\/p>\n<h3>\u00bfC\u00f3mo comunicar horarios especiales a clientes sin saturar mensajes?<\/h3>\n<p>Publica un aviso claro en la p\u00e1gina principal y redes con al menos 10 d\u00edas de anticipaci\u00f3n, agrega un recordatorio 48 horas antes y para clientes frecuentes env\u00eda un correo con el impacto en sus servicios. Mant\u00e9n el mensaje corto, con fechas y acciones concretas.<\/p>\n<h3>\u00bfPuedo pedir apoyo externo para planificar feriados y operaci\u00f3n?<\/h3>\n<p>S\u00ed. Si necesitas ayuda para adaptar tu calendario operativo, <a href=\"https:\/\/ingcarlosrios.com\">Ing Carlos Rios<\/a> ofrece asesor\u00eda en planificaci\u00f3n y automatizaci\u00f3n para PYMES. Puedes reservar una consulta en <a href=\"https:\/\/ingcarlosrios.com\/contact\">https:\/\/ingcarlosrios.com\/contact<\/a> para recibir recomendaciones aplicables en 48 horas.<\/p>\n<p>Si quieres, puedo preparar un cronograma personalizado para tu negocio (plantilla de 12 meses) que incluya alertas, responsables y un plan de inventario por feriado. Cont\u00e1ctanos y revisamos tu caso.<\/p>\n","protected":false},"excerpt":{"rendered":"<p>Gu\u00eda pr\u00e1ctica del calendario Colombia 2026: feriados fijos y m\u00f3viles, impacto en n\u00f3mina, ventas, log\u00edstica y checklist operativo para PYMES.<\/p>","protected":false},"author":0,"featured_media":881,"comment_status":"open","ping_status":"open","sticky":false,"template":"","format":"standard","meta":{"footnotes":""},"categories":[46],"tags":[],"class_list":["post-880","post","type-post","status-publish","format-standard","has-post-thumbnail","hentry","category-amazon"],"yoast_head":"<!-- This site is optimized with the Yoast SEO Premium plugin v20.13 (Yoast SEO v28.0) - https:\/\/yoast.com\/product\/yoast-seo-premium-wordpress\/ -->\n<title>Calendario Colombia 2026: feriados y fechas clave<\/title>\n<meta name=\"description\" content=\"Calendario Colombia 2026: feriados y fechas clave para PYMES. Planifica n\u00f3mina, inventario y atenci\u00f3n al cliente con plantillas, checklist y casos pr\u00e1cticos.\" \/>\n<meta name=\"robots\" content=\"index, follow, max-snippet:-1, max-image-preview:large, max-video-preview:-1\" \/>\n<link rel=\"canonical\" href=\"https:\/\/ingcarlosrios.com\/calendario-colombia-2026-2\/\" \/>\n<meta property=\"og:locale\" content=\"es_ES\" \/>\n<meta property=\"og:type\" content=\"article\" \/>\n<meta property=\"og:title\" content=\"Calendario Colombia 2026: feriados y fechas clave\" \/>\n<meta property=\"og:description\" content=\"Calendario Colombia 2026: feriados y fechas clave para PYMES. Planifica n\u00f3mina, inventario y atenci\u00f3n al cliente con plantillas, checklist y casos pr\u00e1cticos.\" \/>\n<meta property=\"og:url\" content=\"https:\/\/ingcarlosrios.com\/calendario-colombia-2026-2\/\" \/>\n<meta property=\"og:site_name\" content=\"Ing Carlos Rios\" \/>\n<meta property=\"article:published_time\" content=\"2026-09-02T01:04:50+00:00\" \/>\n<meta property=\"article:modified_time\" content=\"2026-09-02T01:06:00+00:00\" \/>\n<meta property=\"og:image\" content=\"https:\/\/ingcarlosrios.com\/wp-content\/uploads\/2026\/09\/cmtjdqdw80001pe5o0p6hhdvm-1788311088801-88b3e07429-1024x683.png\" \/>\n\t<meta property=\"og:image:width\" content=\"1024\" \/>\n\t<meta property=\"og:image:height\" content=\"683\" \/>\n\t<meta property=\"og:image:type\" content=\"image\/png\" \/>\n<meta name=\"twitter:card\" content=\"summary_large_image\" \/>\n<meta name=\"twitter:label1\" content=\"Tiempo de lectura\" \/>\n\t<meta name=\"twitter:data1\" content=\"7 minutos\" \/>\n<script type=\"application\/ld+json\" class=\"yoast-schema-graph\">{\"@context\":\"https:\\\/\\\/schema.org\",\"@graph\":[{\"@type\":\"Article\",\"@id\":\"https:\\\/\\\/ingcarlosrios.com\\\/calendario-colombia-2026-2\\\/#article\",\"isPartOf\":{\"@id\":\"https:\\\/\\\/ingcarlosrios.com\\\/calendario-colombia-2026-2\\\/\"},\"author\":{\"name\":\"\",\"@id\":\"\"},\"headline\":\"Calendario Colombia 2026: feriados y fechas clave\",\"datePublished\":\"2026-09-02T01:04:50+00:00\",\"dateModified\":\"2026-09-02T01:06:00+00:00\",\"mainEntityOfPage\":{\"@id\":\"https:\\\/\\\/ingcarlosrios.com\\\/calendario-colombia-2026-2\\\/\"},\"wordCount\":1444,\"commentCount\":0,\"publisher\":{\"@id\":\"http:\\\/\\\/ingcarlosrios.com\\\/#\\\/schema\\\/person\\\/fba85327aa8caf48fd3922da00d369b3\"},\"image\":{\"@id\":\"https:\\\/\\\/ingcarlosrios.com\\\/calendario-colombia-2026-2\\\/#primaryimage\"},\"thumbnailUrl\":\"http:\\\/\\\/www.ingcarlosrios.com\\\/wp-content\\\/uploads\\\/2026\\\/09\\\/cmtjdqdw80001pe5o0p6hhdvm-1788311088801-88b3e07429.png\",\"articleSection\":[\"Amazon\"],\"inLanguage\":\"es\",\"potentialAction\":[{\"@type\":\"CommentAction\",\"name\":\"Comment\",\"target\":[\"https:\\\/\\\/ingcarlosrios.com\\\/calendario-colombia-2026-2\\\/#respond\"]}]},{\"@type\":\"WebPage\",\"@id\":\"https:\\\/\\\/ingcarlosrios.com\\\/calendario-colombia-2026-2\\\/\",\"url\":\"https:\\\/\\\/ingcarlosrios.com\\\/calendario-colombia-2026-2\\\/\",\"name\":\"Calendario Colombia 2026: feriados y fechas clave\",\"isPartOf\":{\"@id\":\"http:\\\/\\\/ingcarlosrios.com\\\/#website\"},\"primaryImageOfPage\":{\"@id\":\"https:\\\/\\\/ingcarlosrios.com\\\/calendario-colombia-2026-2\\\/#primaryimage\"},\"image\":{\"@id\":\"https:\\\/\\\/ingcarlosrios.com\\\/calendario-colombia-2026-2\\\/#primaryimage\"},\"thumbnailUrl\":\"http:\\\/\\\/www.ingcarlosrios.com\\\/wp-content\\\/uploads\\\/2026\\\/09\\\/cmtjdqdw80001pe5o0p6hhdvm-1788311088801-88b3e07429.png\",\"datePublished\":\"2026-09-02T01:04:50+00:00\",\"dateModified\":\"2026-09-02T01:06:00+00:00\",\"description\":\"Calendario Colombia 2026: feriados y fechas clave para PYMES. Planifica n\u00f3mina, inventario y atenci\u00f3n al cliente con plantillas, checklist y casos pr\u00e1cticos.\",\"breadcrumb\":{\"@id\":\"https:\\\/\\\/ingcarlosrios.com\\\/calendario-colombia-2026-2\\\/#breadcrumb\"},\"inLanguage\":\"es\",\"potentialAction\":[{\"@type\":\"ReadAction\",\"target\":[\"https:\\\/\\\/ingcarlosrios.com\\\/calendario-colombia-2026-2\\\/\"]}]},{\"@type\":\"ImageObject\",\"inLanguage\":\"es\",\"@id\":\"https:\\\/\\\/ingcarlosrios.com\\\/calendario-colombia-2026-2\\\/#primaryimage\",\"url\":\"http:\\\/\\\/www.ingcarlosrios.com\\\/wp-content\\\/uploads\\\/2026\\\/09\\\/cmtjdqdw80001pe5o0p6hhdvm-1788311088801-88b3e07429.png\",\"contentUrl\":\"http:\\\/\\\/www.ingcarlosrios.com\\\/wp-content\\\/uploads\\\/2026\\\/09\\\/cmtjdqdw80001pe5o0p6hhdvm-1788311088801-88b3e07429.png\",\"width\":1536,\"height\":1024},{\"@type\":\"BreadcrumbList\",\"@id\":\"https:\\\/\\\/ingcarlosrios.com\\\/calendario-colombia-2026-2\\\/#breadcrumb\",\"itemListElement\":[{\"@type\":\"ListItem\",\"position\":1,\"name\":\"Home\",\"item\":\"http:\\\/\\\/ingcarlosrios.com\\\/\"},{\"@type\":\"ListItem\",\"position\":2,\"name\":\"Calendario Colombia 2026: feriados y fechas clave\"}]},{\"@type\":\"WebSite\",\"@id\":\"http:\\\/\\\/ingcarlosrios.com\\\/#website\",\"url\":\"http:\\\/\\\/ingcarlosrios.com\\\/\",\"name\":\"Ing Carlos Rios\",\"description\":\"\",\"publisher\":{\"@id\":\"http:\\\/\\\/ingcarlosrios.com\\\/#\\\/schema\\\/person\\\/fba85327aa8caf48fd3922da00d369b3\"},\"potentialAction\":[{\"@type\":\"SearchAction\",\"target\":{\"@type\":\"EntryPoint\",\"urlTemplate\":\"http:\\\/\\\/ingcarlosrios.com\\\/?s={search_term_string}\"},\"query-input\":{\"@type\":\"PropertyValueSpecification\",\"valueRequired\":true,\"valueName\":\"search_term_string\"}}],\"inLanguage\":\"es\"},{\"@type\":[\"Person\",\"Organization\"],\"@id\":\"http:\\\/\\\/ingcarlosrios.com\\\/#\\\/schema\\\/person\\\/fba85327aa8caf48fd3922da00d369b3\",\"name\":\"carlos rios\",\"image\":{\"@type\":\"ImageObject\",\"inLanguage\":\"es\",\"@id\":\"http:\\\/\\\/100.52.19.188\\\/wp-content\\\/uploads\\\/2023\\\/08\\\/cropped-logo.png\",\"url\":\"http:\\\/\\\/100.52.19.188\\\/wp-content\\\/uploads\\\/2023\\\/08\\\/cropped-logo.png\",\"contentUrl\":\"http:\\\/\\\/100.52.19.188\\\/wp-content\\\/uploads\\\/2023\\\/08\\\/cropped-logo.png\",\"width\":512,\"height\":512,\"caption\":\"carlos rios\"},\"logo\":{\"@id\":\"http:\\\/\\\/100.52.19.188\\\/wp-content\\\/uploads\\\/2023\\\/08\\\/cropped-logo.png\"}}]}<\/script>\n<!-- \/ Yoast SEO Premium plugin. -->","yoast_head_json":{"title":"Calendario Colombia 2026: feriados y fechas clave","description":"Calendario Colombia 2026: feriados y fechas clave para PYMES. Planifica n\u00f3mina, inventario y atenci\u00f3n al cliente con plantillas, checklist y casos pr\u00e1cticos.","robots":{"index":"index","follow":"follow","max-snippet":"max-snippet:-1","max-image-preview":"max-image-preview:large","max-video-preview":"max-video-preview:-1"},"canonical":"https:\/\/ingcarlosrios.com\/calendario-colombia-2026-2\/","og_locale":"es_ES","og_type":"article","og_title":"Calendario Colombia 2026: feriados y fechas clave","og_description":"Calendario Colombia 2026: feriados y fechas clave para PYMES. Planifica n\u00f3mina, inventario y atenci\u00f3n al cliente con plantillas, checklist y casos pr\u00e1cticos.","og_url":"https:\/\/ingcarlosrios.com\/calendario-colombia-2026-2\/","og_site_name":"Ing Carlos Rios","article_published_time":"2026-09-02T01:04:50+00:00","article_modified_time":"2026-09-02T01:06:00+00:00","og_image":[{"width":1024,"height":683,"url":"https:\/\/ingcarlosrios.com\/wp-content\/uploads\/2026\/09\/cmtjdqdw80001pe5o0p6hhdvm-1788311088801-88b3e07429-1024x683.png","type":"image\/png"}],"twitter_card":"summary_large_image","twitter_misc":{"Tiempo de lectura":"7 minutos"},"schema":{"@context":"https:\/\/schema.org","@graph":[{"@type":"Article","@id":"https:\/\/ingcarlosrios.com\/calendario-colombia-2026-2\/#article","isPartOf":{"@id":"https:\/\/ingcarlosrios.com\/calendario-colombia-2026-2\/"},"author":{"name":"","@id":""},"headline":"Calendario Colombia 2026: feriados y fechas clave","datePublished":"2026-09-02T01:04:50+00:00","dateModified":"2026-09-02T01:06:00+00:00","mainEntityOfPage":{"@id":"https:\/\/ingcarlosrios.com\/calendario-colombia-2026-2\/"},"wordCount":1444,"commentCount":0,"publisher":{"@id":"http:\/\/ingcarlosrios.com\/#\/schema\/person\/fba85327aa8caf48fd3922da00d369b3"},"image":{"@id":"https:\/\/ingcarlosrios.com\/calendario-colombia-2026-2\/#primaryimage"},"thumbnailUrl":"http:\/\/www.ingcarlosrios.com\/wp-content\/uploads\/2026\/09\/cmtjdqdw80001pe5o0p6hhdvm-1788311088801-88b3e07429.png","articleSection":["Amazon"],"inLanguage":"es","potentialAction":[{"@type":"CommentAction","name":"Comment","target":["https:\/\/ingcarlosrios.com\/calendario-colombia-2026-2\/#respond"]}]},{"@type":"WebPage","@id":"https:\/\/ingcarlosrios.com\/calendario-colombia-2026-2\/","url":"https:\/\/ingcarlosrios.com\/calendario-colombia-2026-2\/","name":"Calendario Colombia 2026: feriados y fechas clave","isPartOf":{"@id":"http:\/\/ingcarlosrios.com\/#website"},"primaryImageOfPage":{"@id":"https:\/\/ingcarlosrios.com\/calendario-colombia-2026-2\/#primaryimage"},"image":{"@id":"https:\/\/ingcarlosrios.com\/calendario-colombia-2026-2\/#primaryimage"},"thumbnailUrl":"http:\/\/www.ingcarlosrios.com\/wp-content\/uploads\/2026\/09\/cmtjdqdw80001pe5o0p6hhdvm-1788311088801-88b3e07429.png","datePublished":"2026-09-02T01:04:50+00:00","dateModified":"2026-09-02T01:06:00+00:00","description":"Calendario Colombia 2026: feriados y fechas clave para PYMES. Planifica n\u00f3mina, inventario y atenci\u00f3n al cliente con plantillas, checklist y casos pr\u00e1cticos.","breadcrumb":{"@id":"https:\/\/ingcarlosrios.com\/calendario-colombia-2026-2\/#breadcrumb"},"inLanguage":"es","potentialAction":[{"@type":"ReadAction","target":["https:\/\/ingcarlosrios.com\/calendario-colombia-2026-2\/"]}]},{"@type":"ImageObject","inLanguage":"es","@id":"https:\/\/ingcarlosrios.com\/calendario-colombia-2026-2\/#primaryimage","url":"http:\/\/www.ingcarlosrios.com\/wp-content\/uploads\/2026\/09\/cmtjdqdw80001pe5o0p6hhdvm-1788311088801-88b3e07429.png","contentUrl":"http:\/\/www.ingcarlosrios.com\/wp-content\/uploads\/2026\/09\/cmtjdqdw80001pe5o0p6hhdvm-1788311088801-88b3e07429.png","width":1536,"height":1024},{"@type":"BreadcrumbList","@id":"https:\/\/ingcarlosrios.com\/calendario-colombia-2026-2\/#breadcrumb","itemListElement":[{"@type":"ListItem","position":1,"name":"Home","item":"http:\/\/ingcarlosrios.com\/"},{"@type":"ListItem","position":2,"name":"Calendario Colombia 2026: feriados y fechas clave"}]},{"@type":"WebSite","@id":"http:\/\/ingcarlosrios.com\/#website","url":"http:\/\/ingcarlosrios.com\/","name":"Ing Carlos R\u00edos","description":"","publisher":{"@id":"http:\/\/ingcarlosrios.com\/#\/schema\/person\/fba85327aa8caf48fd3922da00d369b3"},"potentialAction":[{"@type":"SearchAction","target":{"@type":"EntryPoint","urlTemplate":"http:\/\/ingcarlosrios.com\/?s={search_term_string}"},"query-input":{"@type":"PropertyValueSpecification","valueRequired":true,"valueName":"search_term_string"}}],"inLanguage":"es"},{"@type":["Person","Organization"],"@id":"http:\/\/ingcarlosrios.com\/#\/schema\/person\/fba85327aa8caf48fd3922da00d369b3","name":"carlos r\u00edos","image":{"@type":"ImageObject","inLanguage":"es","@id":"http:\/\/100.52.19.188\/wp-content\/uploads\/2023\/08\/cropped-logo.png","url":"http:\/\/100.52.19.188\/wp-content\/uploads\/2023\/08\/cropped-logo.png","contentUrl":"http:\/\/100.52.19.188\/wp-content\/uploads\/2023\/08\/cropped-logo.png","width":512,"height":512,"caption":"carlos rios"},"logo":{"@id":"http:\/\/100.52.19.188\/wp-content\/uploads\/2023\/08\/cropped-logo.png"}}]}},"_links":{"self":[{"href":"http:\/\/www.ingcarlosrios.com\/es\/wp-json\/wp\/v2\/posts\/880","targetHints":{"allow":["GET"]}}],"collection":[{"href":"http:\/\/www.ingcarlosrios.com\/es\/wp-json\/wp\/v2\/posts"}],"about":[{"href":"http:\/\/www.ingcarlosrios.com\/es\/wp-json\/wp\/v2\/types\/post"}],"replies":[{"embeddable":true,"href":"http:\/\/www.ingcarlosrios.com\/es\/wp-json\/wp\/v2\/comments?post=880"}],"version-history":[{"count":1,"href":"http:\/\/www.ingcarlosrios.com\/es\/wp-json\/wp\/v2\/posts\/880\/revisions"}],"predecessor-version":[{"id":884,"href":"http:\/\/www.ingcarlosrios.com\/es\/wp-json\/wp\/v2\/posts\/880\/revisions\/884"}],"wp:featuredmedia":[{"embeddable":true,"href":"http:\/\/www.ingcarlosrios.com\/es\/wp-json\/wp\/v2\/media\/881"}],"wp:attachment":[{"href":"http:\/\/www.ingcarlosrios.com\/es\/wp-json\/wp\/v2\/media?parent=880"}],"wp:term":[{"taxonomy":"category","embeddable":true,"href":"http:\/\/www.ingcarlosrios.com\/es\/wp-json\/wp\/v2\/categories?post=880"},{"taxonomy":"post_tag","embeddable":true,"href":"http:\/\/www.ingcarlosrios.com\/es\/wp-json\/wp\/v2\/tags?post=880"}],"curies":[{"name":"wp","href":"https:\/\/api.w.org\/{rel}","templated":true}]}}